{"id":551,"date":"2019-04-11T23:09:24","date_gmt":"2019-04-11T21:09:24","guid":{"rendered":"https:\/\/ns.10be.de\/blog\/?p=551"},"modified":"2019-05-03T14:11:35","modified_gmt":"2019-05-03T12:11:35","slug":"operation-wegen-spritzstellenverhaertung-vorsicht-eklige-bilder-und-nackte-haut","status":"publish","type":"post","link":"https:\/\/zehn.be\/2019\/04\/11\/operation-wegen-spritzstellenverhaertung-vorsicht-eklige-bilder-und-nackte-haut\/","title":{"rendered":"Operation wegen Spritzstellenverh\u00e4rtung. Vorsicht: eklige Bilder und nackte Haut!"},"content":{"rendered":"<p>Wie wichtig es ist, die Katheter nach sp\u00e4testens <strong>3 Tagen<\/strong> <strong>zu wechseln<\/strong>, habe ich nach ca. einem Jahr Pumpe nun auch erfahren \ud83d\ude10<\/p>\n<h2><\/h2>\n<h1><span style=\"color: #ff0000;\"><strong>ACHTUNG!!! <\/strong><\/span><\/h1>\n<h1><span style=\"color: #ff0000;\"><strong>Nackte, dicke, eklige Haut und eine gen\u00e4hte Wunde!<\/strong><\/span><\/h1>\n<h1><span style=\"color: #ff0000;\"><strong>Wer also kein Blut oder OP-Narben sehen kann, bitte die Seite nun schlie\u00dfen!<\/strong><\/span><\/h1>\n<p>&nbsp;<\/p>\n<h4>Ja, ehrlich! Wenn du weiterliest, siehst du meinen fetten, dicken und h\u00e4sslichen Bauch mit der gen\u00e4hten Wunde!!!<\/h4>\n<p>&nbsp;<\/p>\n<p>&nbsp;<\/p>\n<p>Es waren schon drei Tage vorbei und \u00fcber das Wochenende bin ich nicht nach Hause gekommen und hatte sonst nichts weiter dabei, was nat\u00fcrlich schlecht ist. Naja, die Schmerzen hat man dann halt die restlichen zwei Tage auch noch ausgehalten.<\/p>\n<p>Somit lag der Katheter 5 Tage lang \ud83d\ude41<\/p>\n<p>&nbsp;<\/p>\n<p>Dann wurde es erst mal nur etwas dicker und sah noch &#8222;gut&#8220; aus &#8218;(leider nicht ganz so gut zu sehen):<\/p>\n<p><a href=\"https:\/\/ns.10be.de\/blog\/wp-content\/uploads\/2019\/04\/2018-10-12-sieht-man-auch-noch-nichts_kreis-1.jpg\" target=\"_blank\" rel=\"noopener\"><img loading=\"lazy\" decoding=\"async\" class=\"aligncenter wp-image-571 size-large\" src=\"https:\/\/ns.10be.de\/blog\/wp-content\/uploads\/2019\/04\/2018-10-12-sieht-man-auch-noch-nichts_kreis-1-1024x768.jpg\" alt=\"\" width=\"648\" height=\"486\" srcset=\"https:\/\/zehn.be\/wp-content\/uploads\/2019\/04\/2018-10-12-sieht-man-auch-noch-nichts_kreis-1-1024x768.jpg 1024w, https:\/\/zehn.be\/wp-content\/uploads\/2019\/04\/2018-10-12-sieht-man-auch-noch-nichts_kreis-1-300x225.jpg 300w, https:\/\/zehn.be\/wp-content\/uploads\/2019\/04\/2018-10-12-sieht-man-auch-noch-nichts_kreis-1-768x576.jpg 768w\" sizes=\"auto, (max-width: 648px) 100vw, 648px\" \/><\/a><\/p>\n<p>&nbsp;<\/p>\n<p>&nbsp;<\/p>\n<p>Aber war noch &#8222;kein&#8220; Problem. So ging es dann fast ein Jahr weiter, aber wurde dann farblich bunter:<\/p>\n<p><a href=\"https:\/\/ns.10be.de\/blog\/wp-content\/uploads\/2019\/04\/november-2018-farbe-anderte-sich-e1555015030474.jpg\" target=\"_blank\" rel=\"noopener\"><img loading=\"lazy\" decoding=\"async\" class=\"aligncenter size-large wp-image-560\" src=\"https:\/\/ns.10be.de\/blog\/wp-content\/uploads\/2019\/04\/november-2018-farbe-anderte-sich-e1555015030474-576x1024.jpg\" alt=\"\" width=\"576\" height=\"1024\" srcset=\"https:\/\/zehn.be\/wp-content\/uploads\/2019\/04\/november-2018-farbe-anderte-sich-e1555015030474-576x1024.jpg 576w, https:\/\/zehn.be\/wp-content\/uploads\/2019\/04\/november-2018-farbe-anderte-sich-e1555015030474-169x300.jpg 169w, https:\/\/zehn.be\/wp-content\/uploads\/2019\/04\/november-2018-farbe-anderte-sich-e1555015030474-768x1365.jpg 768w\" sizes=\"auto, (max-width: 576px) 100vw, 576px\" \/><\/a><\/p>\n<p>&nbsp;<\/p>\n<p>Und nach dem es dann auch angefangen hat weh zu tun, habe ich es in der Praxis noch einmal gezeigt und eine \u00dcberweisung zum Chirurgen bekommen.<\/p>\n<p>Ein paar Tage sp\u00e4ter, ist dann ein kleiner Tunnel von dem gro\u00dfen Fleck aufgegangen und&#8230; b\u00e4hhh, ja, richtig eklig. Blut\/Eiter\/etc. kam raus. Richtig viel :-O<\/p>\n<p>&nbsp;<\/p>\n<p>Zwei Woche sp\u00e4ter hatte ich dann den Termin und wurde auf geschnippelt:<\/p>\n<p><a href=\"https:\/\/ns.10be.de\/blog\/wp-content\/uploads\/2019\/04\/direkt-nach-der-op-e1555015228394.jpg\" target=\"_blank\" rel=\"noopener\"><img loading=\"lazy\" decoding=\"async\" class=\"aligncenter size-large wp-image-561\" src=\"https:\/\/ns.10be.de\/blog\/wp-content\/uploads\/2019\/04\/direkt-nach-der-op-e1555015228394-576x1024.jpg\" alt=\"\" width=\"576\" height=\"1024\" srcset=\"https:\/\/zehn.be\/wp-content\/uploads\/2019\/04\/direkt-nach-der-op-e1555015228394-576x1024.jpg 576w, https:\/\/zehn.be\/wp-content\/uploads\/2019\/04\/direkt-nach-der-op-e1555015228394-169x300.jpg 169w, https:\/\/zehn.be\/wp-content\/uploads\/2019\/04\/direkt-nach-der-op-e1555015228394-768x1365.jpg 768w\" sizes=\"auto, (max-width: 576px) 100vw, 576px\" \/><\/a><\/p>\n<p>&nbsp;<\/p>\n<p>Zwei Tage nach der OP:<\/p>\n<p><a href=\"https:\/\/ns.10be.de\/blog\/wp-content\/uploads\/2019\/04\/2tage-nach-op_edited.jpg\" target=\"_blank\" rel=\"noopener\"><img loading=\"lazy\" decoding=\"async\" class=\"aligncenter wp-image-573 size-large\" src=\"https:\/\/ns.10be.de\/blog\/wp-content\/uploads\/2019\/04\/2tage-nach-op_edited-576x1024.jpg\" alt=\"\" width=\"576\" height=\"1024\" srcset=\"https:\/\/zehn.be\/wp-content\/uploads\/2019\/04\/2tage-nach-op_edited-576x1024.jpg 576w, https:\/\/zehn.be\/wp-content\/uploads\/2019\/04\/2tage-nach-op_edited-169x300.jpg 169w, https:\/\/zehn.be\/wp-content\/uploads\/2019\/04\/2tage-nach-op_edited-768x1365.jpg 768w\" sizes=\"auto, (max-width: 576px) 100vw, 576px\" \/><\/a><\/p>\n<p>&nbsp;<\/p>\n<p>Und nun ca. 3 Wochen nach der OP:<\/p>\n<p><a href=\"https:\/\/ns.10be.de\/blog\/wp-content\/uploads\/2019\/04\/ca3wochen-nach-op-e1555015354683.jpg\" target=\"_blank\" rel=\"noopener\"><img loading=\"lazy\" decoding=\"async\" class=\"aligncenter size-large wp-image-563\" src=\"https:\/\/ns.10be.de\/blog\/wp-content\/uploads\/2019\/04\/ca3wochen-nach-op-e1555015354683-576x1024.jpg\" alt=\"\" width=\"576\" height=\"1024\" srcset=\"https:\/\/zehn.be\/wp-content\/uploads\/2019\/04\/ca3wochen-nach-op-e1555015354683-576x1024.jpg 576w, https:\/\/zehn.be\/wp-content\/uploads\/2019\/04\/ca3wochen-nach-op-e1555015354683-169x300.jpg 169w, https:\/\/zehn.be\/wp-content\/uploads\/2019\/04\/ca3wochen-nach-op-e1555015354683-768x1365.jpg 768w\" sizes=\"auto, (max-width: 576px) 100vw, 576px\" \/><\/a><\/p>\n<p>&nbsp;<\/p>\n<h3><span style=\"color: #ff0000;\">Deswegen: bitte sp\u00e4testens nach dem dritten Tag wechseln!<\/span><\/h3>\n<p>&nbsp;<\/p>\n","protected":false},"excerpt":{"rendered":"<p>Wie wichtig es ist, die Katheter nach sp\u00e4testens 3 Tagen zu wechseln, habe ich nach ca. einem Jahr Pumpe nun auch erfahren \ud83d\ude10 ACHTUNG!!! Nackte, dicke, eklige Haut und eine gen\u00e4hte Wunde! Wer also kein Blut oder OP-Narben sehen kann, bitte die Seite nun schlie\u00dfen! &nbsp; Ja, ehrlich! Wenn du weiterliest, siehst du meinen fetten, [&hellip;]<\/p>\n","protected":false},"author":1,"featured_media":0,"comment_status":"open","ping_status":"open","sticky":false,"template":"","format":"standard","meta":{"footnotes":"","_links_to":"","_links_to_target":""},"categories":[1,6],"tags":[175,174,176,173,171,172],"class_list":["post-551","post","type-post","status-publish","format-standard","hentry","category-allgemein","category-persoenliches","tag-3-tage","tag-fettgewebe","tag-katheter","tag-operation","tag-spritzstelle","tag-verhaertung"],"_links":{"self":[{"href":"https:\/\/zehn.be\/wp-json\/wp\/v2\/posts\/551","targetHints":{"allow":["GET"]}}],"collection":[{"href":"https:\/\/zehn.be\/wp-json\/wp\/v2\/posts"}],"about":[{"href":"https:\/\/zehn.be\/wp-json\/wp\/v2\/types\/post"}],"author":[{"embeddable":true,"href":"https:\/\/zehn.be\/wp-json\/wp\/v2\/users\/1"}],"replies":[{"embeddable":true,"href":"https:\/\/zehn.be\/wp-json\/wp\/v2\/comments?post=551"}],"version-history":[{"count":10,"href":"https:\/\/zehn.be\/wp-json\/wp\/v2\/posts\/551\/revisions"}],"predecessor-version":[{"id":574,"href":"https:\/\/zehn.be\/wp-json\/wp\/v2\/posts\/551\/revisions\/574"}],"wp:attachment":[{"href":"https:\/\/zehn.be\/wp-json\/wp\/v2\/media?parent=551"}],"wp:term":[{"taxonomy":"category","embeddable":true,"href":"https:\/\/zehn.be\/wp-json\/wp\/v2\/categories?post=551"},{"taxonomy":"post_tag","embeddable":true,"href":"https:\/\/zehn.be\/wp-json\/wp\/v2\/tags?post=551"}],"curies":[{"name":"wp","href":"https:\/\/api.w.org\/{rel}","templated":true}]}}